{"id":444,"date":"2021-08-07T18:44:06","date_gmt":"2021-08-07T21:44:06","guid":{"rendered":"https:\/\/arcagoias.org.br\/?p=444"},"modified":"2021-08-07T18:56:34","modified_gmt":"2021-08-07T21:56:34","slug":"parque-oeste-industrial","status":"publish","type":"post","link":"https:\/\/arcagoias.org.br\/index.php\/2021\/08\/07\/parque-oeste-industrial\/","title":{"rendered":"Parque Oeste Industrial"},"content":{"rendered":"\n<p>Goi\u00e2nia precisa fazer as pazes com o meio ambiente. As veredas, algumas das mais belas paisagens do Cerrado, praticamente sumiram da nossa cidade. Isso acontece porque quase todas elas foram drenadas para transformar o terreno alagadi\u00e7o em terra seca. Depois que o brejo se vai os buritis n\u00e3o se reproduzem mais e o terreno fica pobre, como aconteceu na regi\u00e3o da Marginal com a Rua 88 onde os buritis est\u00e3o morrendo e a \u00e1rea nunca mais voltar\u00e1 a ser uma vereda.<\/p>\n\n\n\n<p>A Arca e o movimento BR Cidades, um grupo de ambientalistas, urbanistas e estudantes preocupados com a organiza\u00e7\u00e3o das cidades para lutar contra a destrui\u00e7\u00e3o do que pode ser a \u00faltima vereda preservada de Goi\u00e2nia. Ela conta com sua grande \u00e1rea alagada, seu campo de murundus e suas \u00e1reas de infiltra\u00e7\u00e3o, que hoje formam o que ser\u00e1 o Parque das Ferraduras, tamb\u00e9m chamado Sebasti\u00e3o J\u00falio Aguiar. Um acordo feito entre a prefeitura de Goi\u00e2nia e grandes construtoras troca a constru\u00e7\u00e3o do parque pelo direito de construir pr\u00e9dios em seu entorno, repetindo o mesmo que aconteceu com o Parque Flamboyant.<\/p>\n\n\n\n<p>Somos totalmente a favor do Parque das Ferraduras. Aquela \u00e1rea tem uma hist\u00f3ria importante na cidade de Goi\u00e2nia. Foi palco de um massacre em 2005 e sempre sofreu com o descarte de lixo e entulho. H\u00e1 mais de 20 anos a vizinhan\u00e7a espera pela constru\u00e7\u00e3o do parque. Por tudo isso \u00e9 urgente a sua urbaniza\u00e7\u00e3o.<\/p>\n\n\n\n<p>Nossa primeira preocupa\u00e7\u00e3o \u00e9 quanto a drenagem da vereda para as obras da atual proposta de parque. Por isso fizemos um projeto alternativo, com pistas suspensas de grade metalica, erguidas a 3,5 metros de altura sustentadas por arcos, estaiadas com tirantes. Essa ideia surgiu a partir das palafitas, muito usadas pelos povos da regi\u00e3o amaz\u00f4nica para ocupar \u00e1reas que se alagam durante parte do ano e que tem menor impacto sobre o solo alagado.<\/p>\n\n\n\n<p>A outra preocupa\u00e7\u00e3o que temos \u00e9 a insist\u00eancia na constru\u00e7\u00e3o de pr\u00e9dios no entorno dos parques ao contr\u00e1rio do que diz o nosso Plano Diretor. A prioridade de adensamento deve ser ao longo dos eixos do transporte coletivo a partir das regi\u00f5es centrais da nossa cidade, como o Centro, Vila Nova, Coimbra e Campinas.<\/p>\n\n\n\n<p>Para construirmos uma cidade saud\u00e1vel, compacta, segura e viva, onde haja espa\u00e7o para todos, inclusive para o meio ambiente, temos que mudar nossa maneira de pensar e agir. Se continuarmos fazendo as mesmas coisas, vamos destruir tudo o que ainda nos resta de bom e belo.<\/p>\n\n\n\n<p><strong>Gerson Neto &#8211; Presidente da Arca<\/strong><\/p>\n\n\n\n<p><\/p>\n","protected":false},"excerpt":{"rendered":"<p>Goi\u00e2nia precisa fazer as pazes com o meio ambiente. As veredas, algumas das mais belas paisagens do Cerrado, praticamente sumiram da nossa cidade. Isso acontece porque<span class=\"excerpt-hellip\"> [\u2026]<\/span><\/p>\n","protected":false},"author":1,"featured_media":448,"comment_status":"open","ping_status":"open","sticky":false,"template":"","format":"standard","meta":{"_monsterinsights_skip_tracking":false,"_monsterinsights_sitenote_active":false,"_monsterinsights_sitenote_note":"","_monsterinsights_sitenote_category":0},"categories":[4,7],"tags":[],"_links":{"self":[{"href":"https:\/\/arcagoias.org.br\/index.php\/wp-json\/wp\/v2\/posts\/444"}],"collection":[{"href":"https:\/\/arcagoias.org.br\/index.php\/wp-json\/wp\/v2\/posts"}],"about":[{"href":"https:\/\/arcagoias.org.br\/index.php\/wp-json\/wp\/v2\/types\/post"}],"author":[{"embeddable":true,"href":"https:\/\/arcagoias.org.br\/index.php\/wp-json\/wp\/v2\/users\/1"}],"replies":[{"embeddable":true,"href":"https:\/\/arcagoias.org.br\/index.php\/wp-json\/wp\/v2\/comments?post=444"}],"version-history":[{"count":1,"href":"https:\/\/arcagoias.org.br\/index.php\/wp-json\/wp\/v2\/posts\/444\/revisions"}],"predecessor-version":[{"id":445,"href":"https:\/\/arcagoias.org.br\/index.php\/wp-json\/wp\/v2\/posts\/444\/revisions\/445"}],"wp:featuredmedia":[{"embeddable":true,"href":"https:\/\/arcagoias.org.br\/index.php\/wp-json\/wp\/v2\/media\/448"}],"wp:attachment":[{"href":"https:\/\/arcagoias.org.br\/index.php\/wp-json\/wp\/v2\/media?parent=444"}],"wp:term":[{"taxonomy":"category","embeddable":true,"href":"https:\/\/arcagoias.org.br\/index.php\/wp-json\/wp\/v2\/categories?post=444"},{"taxonomy":"post_tag","embeddable":true,"href":"https:\/\/arcagoias.org.br\/index.php\/wp-json\/wp\/v2\/tags?post=444"}],"curies":[{"name":"wp","href":"https:\/\/api.w.org\/{rel}","templated":true}]}}